{"id":1724,"date":"2013-12-24T15:07:23","date_gmt":"2013-12-24T18:07:23","guid":{"rendered":"http:\/\/www.projeto676.com.br\/?p=1724"},"modified":"2013-12-24T15:07:23","modified_gmt":"2013-12-24T18:07:23","slug":"nos-em-foz-preludio","status":"publish","type":"post","link":"https:\/\/legal.adv.br\/projeto676\/20131224\/nos-em-foz-preludio\/","title":{"rendered":"N\u00f3s em Foz &#8211; Prel\u00fadio"},"content":{"rendered":"<p style=\"text-align: justify;\"><em>Di\u00e1rio de bordo. Data estelar: vinte, quatro, treze, doze, ponto, quinze, sete. Fim de ano. A fronteira final. Estas s\u00e3o as viagens da fam\u00edlia Miura-Andrade em sua miss\u00e3o de sete dias para explorar novos e estranhos lugares, pesquisar novas formas de divertimento e novas comunidades, audaciosamente indo onde nenhum deles jamais esteve.<\/em><\/p>\n<p style=\"text-align: center;\"><a href=\"http:\/\/www.legal.adv.br\/projeto676\/img\/viagens\/foz-01.jpg\" target=\"_blank\" rel=\"noopener noreferrer\"><img decoding=\"async\" class=\"aligncenter\" style=\"vertical-align: middle;\" title=\"Clique na imagem para ampliar!\" src=\"http:\/\/www.legal.adv.br\/projeto676\/img\/viagens\/foz-01.jpg\" alt=\"Clique na imagem para ampliar!\" width=\"480\" \/><\/a><\/p>\n<p style=\"text-align: justify;\">Nossa aventura come\u00e7a exatamente num &#8220;conc\u00edlio familiar&#8221;, onde, logo ap\u00f3s um interl\u00f3quio et\u00edlico-churrasqu\u00edstico para comemorar o anivers\u00e1rio do filhote do meio, eu e a Dona Patroa chamamos toda a Tropinha de Elite para uma proposta simples jamais realizada (ao menos n\u00e3o com essa dist\u00e2ncia): percorrer os aproximadamente 1.200 quil\u00f4metros que nos separam de Foz do Igua\u00e7u.<\/p>\n<p style=\"text-align: justify;\">Ap\u00f3s algumas discuss\u00f5es curtas, \u00f3bvias e b\u00e1sicas &#8211; como, por exemplo, a certeza absoluta que tanto nossas contas banc\u00e1rias quanto nossos cart\u00f5es de cr\u00e9dito \u00e9 que a m\u00e9dio prazo iriam sofrer com uma decis\u00e3o dessas &#8211; resolvemos que sim, ir\u00edamos enfrentar a estrada. A bem da verdade acompanhando um casal de amigos nossos &#8211; Daniela e Wagner &#8211; juntamente com seus tamb\u00e9m tr\u00eas filhos. At\u00e9 n\u00e3o muito tempo atr\u00e1s eu costumava dizer que era o \u00fanico casal com quem nos encontr\u00e1vamos, no m\u00ednimo, seis vezes por ano: nas festas de anivers\u00e1rio dos tr\u00eas filhos deles e nas dos nossos tr\u00eas. Mas agora, com a adolesc\u00eancia batendo \u00e0 porta dos mais velhos, essa const\u00e2ncia j\u00e1 n\u00e3o \u00e9 tanta&#8230;<\/p>\n<p style=\"text-align: justify;\">Mas tergiverso.<\/p>\n<p style=\"text-align: justify;\">A data marcada para lan\u00e7amento foi fixada para dali a apenas cinco dias, logo ap\u00f3s o Natal. Os preparativos come\u00e7aram quase que imediatamente, pois a fortaleza precisaria ser lacrada, com acesso apenas ao sempre pronto e atento sobrinho de plant\u00e3o &#8211; o Heidy &#8211; que se disp\u00f4s, durante nossa aus\u00eancia, a cuidar da nossa prole canina, felina e aqu\u00e1tica.<\/p>\n<p style=\"text-align: justify;\">Como ir\u00edamos todos, inclusive meu sogro &#8211; que, l\u00e1 pela quarta tentativa (surdo-como-uma-porta-sem-ma\u00e7aneta) conseguiu entender que viajar\u00edamos -, a primeira provid\u00eancia seria acomodar as malas de todos confortavelmente. Bem, a Spin, com todos os bancos em uso (at\u00e9 porque o \u00faltimo somente rebate em dupla), n\u00e3o deixa muita op\u00e7\u00e3o para bagagem, de modo que resolvemos dar uma checada no quanto custaria um daqueles &#8220;bagageiros maleiros de teto&#8221; &#8211; que parece PRA CARAMBA com o caix\u00e3o-torpedo do Spock em <em>Star Trek II<\/em>&#8230;<\/p>\n<p style=\"text-align: center;\"><a href=\"http:\/\/www.legal.adv.br\/projeto676\/img\/viagens\/foz-02.jpg\" target=\"_blank\" rel=\"noopener noreferrer\"><img decoding=\"async\" class=\"aligncenter\" style=\"vertical-align: middle;\" title=\"Clique na imagem para ampliar!\" src=\"http:\/\/www.legal.adv.br\/projeto676\/img\/viagens\/foz-02.jpg\" alt=\"Clique na imagem para ampliar!\" width=\"480\" \/><\/a><\/p>\n<p style=\"text-align: justify;\">A varia\u00e7\u00e3o foi de 900 contos a mais de dois mil! Dependendo do tamanho e da facilidade de acesso &#8211; pois, no caso da Spin, um carro alto, o melhor seria um maleiro que tivesse a abertura pelas laterais &#8211; o custo aumenta prodigiosamente. Na boa? Vai \u00e9 todo mundo apertado mesmo, com mala no colo, colo no colo, tudo espremido ou seja l\u00e1 o que for! O que n\u00e3o d\u00e1 \u00e9 deixar de viajar porque o dinheiro foi todo consumido nos preparativos da viagem. Esse certamente vai ficar para uma pr\u00f3xima viagem&#8230;<\/p>\n<p style=\"text-align: justify;\">Outra &#8220;novidade&#8221; com que a Dona Patroa apareceu foi o tal de &#8220;Sem Parar&#8221;: uma esp\u00e9cie de assinatura que d\u00e1 direito a um aparelhinho que serve para reconhecimento autom\u00e1tico nos ped\u00e1gios da vida. Dezessete reais de manuten\u00e7\u00e3o mensal e cobran\u00e7a diretamente em conta-corrente de todos os valores referentes aos ped\u00e1gios que encontrarmos pelo caminho. A vantagem, nesse caso, para uma viagem longa como a nossa \u00e9 que pouparemos um grande tempo com rela\u00e7\u00e3o \u00e0s filas que certamente enfrentar\u00edamos se n\u00e3o fosse isso.<\/p>\n<p style=\"text-align: justify;\">Ali\u00e1s, falando em ped\u00e1gio e viagens, \u00e9 l\u00f3gico que fomos dar uma fu\u00e7ada na Internet para saber um pouco mais sobre dicas e rotas e custos e outros quetais. Um site muito legal para se visitar \u00e9 o <a href=\"http:\/\/www.mapeia.com.br\" target=\"_blank\" rel=\"noopener noreferrer\"><span style=\"color: #3366ff;\">www.mapeia.com.br<\/span><\/a>, que faz o c\u00e1lculo do total a ser gasto com ped\u00e1gios (inclusive indicando os locais e valores em cada um deles), do tempo de viagem e at\u00e9 mesmo do gasto estimado de combust\u00edvel. Ali verificamos que gastar\u00edamos pouco mais de R$150,00 em ped\u00e1gio (s\u00f3 ida) e at\u00e9 tra\u00e7amos o roteiro, saindo de S\u00e3o Jos\u00e9 dos Campos, atravessando a Capital, pegando a Castelo, passando por Ourinhos em dire\u00e7\u00e3o \u00e0 Londrina e, dali, rumo a Cascavel e finalmente Foz do Igua\u00e7u.<\/p>\n<p style=\"text-align: justify;\">Aproveitei ainda para atualizar os mapas do meu bom e velho (e trollador) GPS Foston. Baixei quase um giga de arquivos, transferi para a mem\u00f3ria do bichinho, atualizei o software e constatei que, definitivamente, ele estava mudo. Nem tanto pelos mapas, mas pelos alertas de radar ele sempre se mostrou \u00fatil (ou quase). Que fazer? Bem, tendo verificado que o problema era no alto falante dele a \u00fanica op\u00e7\u00e3o seria utiliz\u00e1-lo com um fone de ouvido, pois essa sa\u00edda estava funcional. Inc\u00f4modo, eu sei &#8211; mesmo usando apenas um. Mas como sou eu que vou dirigir e a Dona Patroa que vai ao lado&#8230;<\/p>\n<p style=\"text-align: justify;\">Ela s\u00f3 n\u00e3o sabe disso.<\/p>\n<p style=\"text-align: justify;\">Ainda.<\/p>\n","protected":false},"excerpt":{"rendered":"<p>Di\u00e1rio de bordo. Data estelar: vinte, quatro, treze, doze, ponto, quinze, sete. Fim de ano. A fronteira final. Estas s\u00e3o as viagens da fam\u00edlia Miura-Andrade em sua miss\u00e3o de sete dias para explorar novos e estranhos lugares, pesquisar novas formas de divertimento e novas comunidades, audaciosamente indo onde nenhum deles jamais esteve. Nossa aventura come\u00e7a &hellip; <a href=\"https:\/\/legal.adv.br\/projeto676\/20131224\/nos-em-foz-preludio\/\" class=\"more-link\">Continue lendo<span class=\"screen-reader-text\"> &#8220;N\u00f3s em Foz &#8211; Prel\u00fadio&#8221;<\/span><\/a><\/p>\n","protected":false},"author":1,"featured_media":0,"comment_status":"open","ping_status":"open","sticky":false,"template":"","format":"standard","meta":{"footnotes":""},"categories":[13],"tags":[],"class_list":["post-1724","post","type-post","status-publish","format-standard","hentry","category-no-mundo-la-fora"],"_links":{"self":[{"href":"https:\/\/legal.adv.br\/projeto676\/wp-json\/wp\/v2\/posts\/1724","targetHints":{"allow":["GET"]}}],"collection":[{"href":"https:\/\/legal.adv.br\/projeto676\/wp-json\/wp\/v2\/posts"}],"about":[{"href":"https:\/\/legal.adv.br\/projeto676\/wp-json\/wp\/v2\/types\/post"}],"author":[{"embeddable":true,"href":"https:\/\/legal.adv.br\/projeto676\/wp-json\/wp\/v2\/users\/1"}],"replies":[{"embeddable":true,"href":"https:\/\/legal.adv.br\/projeto676\/wp-json\/wp\/v2\/comments?post=1724"}],"version-history":[{"count":0,"href":"https:\/\/legal.adv.br\/projeto676\/wp-json\/wp\/v2\/posts\/1724\/revisions"}],"wp:attachment":[{"href":"https:\/\/legal.adv.br\/projeto676\/wp-json\/wp\/v2\/media?parent=1724"}],"wp:term":[{"taxonomy":"category","embeddable":true,"href":"https:\/\/legal.adv.br\/projeto676\/wp-json\/wp\/v2\/categories?post=1724"},{"taxonomy":"post_tag","embeddable":true,"href":"https:\/\/legal.adv.br\/projeto676\/wp-json\/wp\/v2\/tags?post=1724"}],"curies":[{"name":"wp","href":"https:\/\/api.w.org\/{rel}","templated":true}]}}