{"id":2146,"date":"2017-11-25T11:28:31","date_gmt":"2017-11-25T13:28:31","guid":{"rendered":"http:\/\/www.projeto676.com.br\/?p=2146"},"modified":"2017-11-25T11:28:31","modified_gmt":"2017-11-25T13:28:31","slug":"contando-farol-parte-1-de-3","status":"publish","type":"post","link":"https:\/\/legal.adv.br\/projeto676\/20171125\/contando-farol-parte-1-de-3\/","title":{"rendered":"Contando farol &#8211; parte 1 de 3"},"content":{"rendered":"<p style=\"text-align: justify;\">J\u00e1 h\u00e1 dias (semanas?) eu havia comprado um conjunto de lixas d&#8217;\u00e1gua e uma latinha de spray preto fosco para dar um trato naquele &#8220;piniquinho&#8221; que abriga o farol. Do par que estava instalado, um deles estava muito detonado, bastante carcomido de ferrugem, de modo que fu\u00e7ando daqui e dali acabei descobrindo um caboclo que tinha um pra vender &#8211; e que, mesmo assim, tamb\u00e9m j\u00e1 n\u00e3o estava l\u00e1 100%. Ainda assim estava melhor que o meu. E morri com quarenta contos.<\/p>\n<p style=\"text-align: justify;\">Mas valeu por conhecer o sujeito, que, inclusive, est\u00e1 restaurando um SS amarelo &#8211; 76, se n\u00e3o me engano. Gente fin\u00edssima!<\/p>\n<p style=\"text-align: justify;\">Como finalmente encontrei um tempinho pra mim neste \u00faltimo s\u00e1bado, resolvi que era chegada a hora. O primeiro passo, como sempre, seria limpar, lavar e desobstruir anos de ac\u00famulo de sujeira &#8211; tanto enquanto as pe\u00e7as estavam instaladas, como tamb\u00e9m depois, quando ficaram guardadas. E d\u00e1-lhe escova, bucha, muita \u00e1gua e sab\u00e3o! E depois toca tudo pro sol, que estava de rachar coquinho, que \u00e9 pra secar bem seco&#8230;<\/p>\n<p style=\"text-align: center;\"><img decoding=\"async\" class=\"aligncenter size-medium\" src=\"http:\/\/www.legal.adv.br\/projeto676\/img\/fotos\/20171125\/20171125-01.jpg\" alt=\"\" width=\"\" \/><\/p>\n<p style=\"text-align: justify;\">Ali\u00e1s, vamos combinar: o que o poder do Bombril n\u00e3o faz, hein? Pela foto pode at\u00e9 n\u00e3o parecer, mas os aros ficaram brilhando como novos!<\/p>\n<p style=\"text-align: center;\"><img decoding=\"async\" class=\"aligncenter size-medium\" src=\"http:\/\/www.legal.adv.br\/projeto676\/img\/fotos\/20171125\/20171125-02.jpg\" alt=\"\" width=\"500\" \/><\/p>\n<p style=\"text-align: justify;\">O passo seguinte, com as pe\u00e7as j\u00e1 limpas e devidamente lixadas seria o da pintura. Como j\u00e1 tive alguma experi\u00eancia com isso &#8211; ainda que fosse na minha long\u00ednqua adolesc\u00eancia &#8211; foi legal matar a saudade. Tudo bem que na \u00e9poca eu desmontava e pintava bicicletas com pistola e compressor, raramente usando de latas de spray. Mas descobri que a gente nunca perde o jeitinho n\u00e3o&#8230; Como sei do desastre que sou para sujar as m\u00e3os e do desastre maior ainda que \u00e9 o trabalho para limp\u00e1-las, nada como uma boa luva cir\u00fargica para prote\u00e7\u00e3o. O fato de ter deixado as pe\u00e7as no sol tamb\u00e9m ajudou, pois com elas estando quentes a fixa\u00e7\u00e3o da tinta se d\u00e1 de uma maneira mais r\u00e1pida e melhor.<\/p>\n<p style=\"text-align: center;\"><img decoding=\"async\" class=\"aligncenter size-medium\" src=\"http:\/\/www.legal.adv.br\/projeto676\/img\/fotos\/20171125\/20171125-03.jpg\" alt=\"\" width=\"375\" \/><\/p>\n<p style=\"text-align: justify;\">Enfim, o resultado final, penduradas na escada para secar. A do fundo \u00e9 a original, que est\u00e1 praticamente intacta; j\u00e1 na que est\u00e1 em primeiro plano \u00e9 poss\u00edvel perceber os furos de corros\u00e3o, mas que ainda assim n\u00e3o afetar\u00e3o sua instala\u00e7\u00e3o.<\/p>\n<p style=\"text-align: center;\"><img decoding=\"async\" class=\"aligncenter size-medium\" src=\"http:\/\/www.legal.adv.br\/projeto676\/img\/fotos\/20171125\/20171125-04.jpg\" alt=\"\" width=\"375\" \/><\/p>\n<p style=\"text-align: justify;\">Bem, como nas instru\u00e7\u00f5es do spray (sim, eu sou um dos 7 sujeitos no Estado de S\u00e3o Paulo que realmente l\u00ea as instru\u00e7\u00f5es dos produtos) estava escrito que levaria 15 minutos para secar, uma hora para poder manusear e 24 horas para de fato fixar, fica pra amanh\u00e3 a montagem&#8230;<\/p>\n<p style=\"text-align: justify;\">At\u00e9 porque saporra dessas luvas deixaram minhas m\u00e3os completamente encharcadas de suor!<\/p>\n","protected":false},"excerpt":{"rendered":"<p>J\u00e1 h\u00e1 dias (semanas?) eu havia comprado um conjunto de lixas d&#8217;\u00e1gua e uma latinha de spray preto fosco para dar um trato naquele &#8220;piniquinho&#8221; que abriga o farol. Do par que estava instalado, um deles estava muito detonado, bastante carcomido de ferrugem, de modo que fu\u00e7ando daqui e dali acabei descobrindo um caboclo que &hellip; <a href=\"https:\/\/legal.adv.br\/projeto676\/20171125\/contando-farol-parte-1-de-3\/\" class=\"more-link\">Continue lendo<span class=\"screen-reader-text\"> &#8220;Contando farol &#8211; parte 1 de 3&#8221;<\/span><\/a><\/p>\n","protected":false},"author":1,"featured_media":0,"comment_status":"open","ping_status":"open","sticky":false,"template":"","format":"standard","meta":{"footnotes":""},"categories":[15],"tags":[],"class_list":["post-2146","post","type-post","status-publish","format-standard","hentry","category-oprojeto"],"_links":{"self":[{"href":"https:\/\/legal.adv.br\/projeto676\/wp-json\/wp\/v2\/posts\/2146","targetHints":{"allow":["GET"]}}],"collection":[{"href":"https:\/\/legal.adv.br\/projeto676\/wp-json\/wp\/v2\/posts"}],"about":[{"href":"https:\/\/legal.adv.br\/projeto676\/wp-json\/wp\/v2\/types\/post"}],"author":[{"embeddable":true,"href":"https:\/\/legal.adv.br\/projeto676\/wp-json\/wp\/v2\/users\/1"}],"replies":[{"embeddable":true,"href":"https:\/\/legal.adv.br\/projeto676\/wp-json\/wp\/v2\/comments?post=2146"}],"version-history":[{"count":0,"href":"https:\/\/legal.adv.br\/projeto676\/wp-json\/wp\/v2\/posts\/2146\/revisions"}],"wp:attachment":[{"href":"https:\/\/legal.adv.br\/projeto676\/wp-json\/wp\/v2\/media?parent=2146"}],"wp:term":[{"taxonomy":"category","embeddable":true,"href":"https:\/\/legal.adv.br\/projeto676\/wp-json\/wp\/v2\/categories?post=2146"},{"taxonomy":"post_tag","embeddable":true,"href":"https:\/\/legal.adv.br\/projeto676\/wp-json\/wp\/v2\/tags?post=2146"}],"curies":[{"name":"wp","href":"https:\/\/api.w.org\/{rel}","templated":true}]}}