{"id":3578,"date":"2024-11-09T12:58:55","date_gmt":"2024-11-09T15:58:55","guid":{"rendered":"https:\/\/legal.adv.br\/projeto676\/?p=3578"},"modified":"2024-11-09T12:59:27","modified_gmt":"2024-11-09T15:59:27","slug":"o-opala-67","status":"publish","type":"post","link":"https:\/\/legal.adv.br\/projeto676\/20241109\/o-opala-67\/","title":{"rendered":"O Opala 67"},"content":{"rendered":"<p style=\"text-align: justify;\">Esta <em>est\u00f3ria<\/em> foi contada pelo Chico Anysio no Programa do J\u00f4 (duas figura\u00e7as j\u00e1 extintas da boa \u00e9poca da televis\u00e3o brasileira). A piada j\u00e1 come\u00e7a na pr\u00f3pria chamada, pois sob qualquer \u00e2ngulo que se busque, JAMAIS houve um Opala fabricado no ano de 1967. Em minha nada humilde opini\u00e3o, pelo teor do <em>causo<\/em>, acredito que a refer\u00eancia ao ano &#8220;67&#8221; deva ter sido mesmo para fugir de eventual encrenca com a GM\/Chevrolet, depois de descrever tantas &#8220;particularidades&#8221; do ve\u00edculo&#8230;<\/p>\n<div align=\"center\">\n<div style=\"width: 640px;\" class=\"wp-video\"><!--[if lt IE 9]><script>document.createElement('video');<\/script><![endif]-->\n<video class=\"wp-video-shortcode\" id=\"video-3578-1\" width=\"640\" height=\"360\" preload=\"metadata\" controls=\"controls\"><source type=\"video\/mp4\" src=\"http:\/\/www.legal.adv.br\/projeto676\/filmes\/opala_67-chico_anysio.mp4?_=1\" \/><a href=\"http:\/\/www.legal.adv.br\/projeto676\/filmes\/opala_67-chico_anysio.mp4\">http:\/\/www.legal.adv.br\/projeto676\/filmes\/opala_67-chico_anysio.mp4<\/a><\/video><\/div>\n<\/div>\n","protected":false},"excerpt":{"rendered":"<p>Esta est\u00f3ria foi contada pelo Chico Anysio no Programa do J\u00f4 (duas figura\u00e7as j\u00e1 extintas da boa \u00e9poca da televis\u00e3o brasileira). A piada j\u00e1 come\u00e7a na pr\u00f3pria chamada, pois sob qualquer \u00e2ngulo que se busque, JAMAIS houve um Opala fabricado no ano de 1967. Em minha nada humilde opini\u00e3o, pelo teor do causo, acredito que &hellip; <a href=\"https:\/\/legal.adv.br\/projeto676\/20241109\/o-opala-67\/\" class=\"more-link\">Continue lendo<span class=\"screen-reader-text\"> &#8220;O Opala 67&#8221;<\/span><\/a><\/p>\n","protected":false},"author":1,"featured_media":0,"comment_status":"open","ping_status":"open","sticky":false,"template":"","format":"standard","meta":{"footnotes":""},"categories":[12],"tags":[],"class_list":["post-3578","post","type-post","status-publish","format-standard","hentry","category-na-telinha"],"_links":{"self":[{"href":"https:\/\/legal.adv.br\/projeto676\/wp-json\/wp\/v2\/posts\/3578","targetHints":{"allow":["GET"]}}],"collection":[{"href":"https:\/\/legal.adv.br\/projeto676\/wp-json\/wp\/v2\/posts"}],"about":[{"href":"https:\/\/legal.adv.br\/projeto676\/wp-json\/wp\/v2\/types\/post"}],"author":[{"embeddable":true,"href":"https:\/\/legal.adv.br\/projeto676\/wp-json\/wp\/v2\/users\/1"}],"replies":[{"embeddable":true,"href":"https:\/\/legal.adv.br\/projeto676\/wp-json\/wp\/v2\/comments?post=3578"}],"version-history":[{"count":2,"href":"https:\/\/legal.adv.br\/projeto676\/wp-json\/wp\/v2\/posts\/3578\/revisions"}],"predecessor-version":[{"id":3580,"href":"https:\/\/legal.adv.br\/projeto676\/wp-json\/wp\/v2\/posts\/3578\/revisions\/3580"}],"wp:attachment":[{"href":"https:\/\/legal.adv.br\/projeto676\/wp-json\/wp\/v2\/media?parent=3578"}],"wp:term":[{"taxonomy":"category","embeddable":true,"href":"https:\/\/legal.adv.br\/projeto676\/wp-json\/wp\/v2\/categories?post=3578"},{"taxonomy":"post_tag","embeddable":true,"href":"https:\/\/legal.adv.br\/projeto676\/wp-json\/wp\/v2\/tags?post=3578"}],"curies":[{"name":"wp","href":"https:\/\/api.w.org\/{rel}","templated":true}]}}