{"id":446,"date":"2009-02-07T23:13:39","date_gmt":"2009-02-08T02:13:39","guid":{"rendered":"http:\/\/www.legal.adv.br\/opala\/?p=446"},"modified":"2009-02-07T23:13:39","modified_gmt":"2009-02-08T02:13:39","slug":"flagrante-da-cirurgia","status":"publish","type":"post","link":"https:\/\/legal.adv.br\/projeto676\/20090207\/flagrante-da-cirurgia\/","title":{"rendered":"Flagrante da cirurgia"},"content":{"rendered":"<p style=\"text-align: justify;\">E ent\u00e3o, ansioso do jeito que sou, n\u00e3o pude me conter e dei uma passadinha l\u00e1 na oficina para ver a quantas anda tudo com os carros.<\/p>\n<p style=\"text-align: justify;\">Segundo o Marino (o mec\u00e2nico), os progn\u00f3sticos s\u00e3o bons.<\/p>\n<p style=\"text-align: justify;\">No decorrer dessa semana ambos j\u00e1 devem ficar prontos&#8230;<\/p>\n<p style=\"text-align: center;\"><img decoding=\"async\" style=\"vertical-align: middle;\" src=\"http:\/\/www.legal.adv.br\/projeto676\/img\/fotos\/20090207\/oficina1.jpg\" alt=\"\" \/><\/p>\n<p style=\"text-align: center;\"><em><small>Uma geral do 76 meio que desmilinguido.<\/small><\/em><\/p>\n<p style=\"text-align: center;\"><img decoding=\"async\" style=\"vertical-align: middle;\" src=\"http:\/\/www.legal.adv.br\/projeto676\/img\/fotos\/20090207\/oficina2.jpg\" alt=\"\" \/><\/p>\n<p style=\"text-align: center;\"><em><small>Sim, os diferenciais dever\u00e3o ser trocados entre os carros. <\/small><\/em><\/p>\n<p style=\"text-align: center;\"><img decoding=\"async\" style=\"vertical-align: middle;\" src=\"http:\/\/www.legal.adv.br\/projeto676\/img\/fotos\/20090207\/oficina3.jpg\" alt=\"\" \/><\/p>\n<p style=\"text-align: center;\"><em><small>Eis o cofre vazio, pronto para um novo dep\u00f3sito.<\/small><\/em><\/p>\n<p style=\"text-align: center;\"><img decoding=\"async\" style=\"vertical-align: middle;\" src=\"http:\/\/www.legal.adv.br\/projeto676\/img\/fotos\/20090207\/oficina4.jpg\" alt=\"\" \/><\/p>\n<p style=\"text-align: center;\"><em><small>E aqui temos o doador, ansioso para mandar sua alma de volta \u00e0s ruas!<\/small><\/em><\/p>\n<p style=\"text-align: center;\"><img decoding=\"async\" style=\"vertical-align: middle;\" src=\"http:\/\/www.legal.adv.br\/projeto676\/img\/fotos\/20090207\/oficina5.jpg\" alt=\"\" \/><\/p>\n<p style=\"text-align: center;\"><small><em>Uma peculiar vis\u00e3o das entranhas do conjunto por parte (novamente) de meu ca\u00e7ulinha.<\/em><br \/>\n<\/small><\/p>\n","protected":false},"excerpt":{"rendered":"<p>E ent\u00e3o, ansioso do jeito que sou, n\u00e3o pude me conter e dei uma passadinha l\u00e1 na oficina para ver a quantas anda tudo com os carros. Segundo o Marino (o mec\u00e2nico), os progn\u00f3sticos s\u00e3o bons. No decorrer dessa semana ambos j\u00e1 devem ficar prontos&#8230; Uma geral do 76 meio que desmilinguido. Sim, os diferenciais &hellip; <a href=\"https:\/\/legal.adv.br\/projeto676\/20090207\/flagrante-da-cirurgia\/\" class=\"more-link\">Continue lendo<span class=\"screen-reader-text\"> &#8220;Flagrante da cirurgia&#8221;<\/span><\/a><\/p>\n","protected":false},"author":1,"featured_media":0,"comment_status":"open","ping_status":"open","sticky":false,"template":"","format":"standard","meta":{"footnotes":""},"categories":[15,18],"tags":[],"class_list":["post-446","post","type-post","status-publish","format-standard","hentry","category-oprojeto","category-titanic-ii"],"_links":{"self":[{"href":"https:\/\/legal.adv.br\/projeto676\/wp-json\/wp\/v2\/posts\/446","targetHints":{"allow":["GET"]}}],"collection":[{"href":"https:\/\/legal.adv.br\/projeto676\/wp-json\/wp\/v2\/posts"}],"about":[{"href":"https:\/\/legal.adv.br\/projeto676\/wp-json\/wp\/v2\/types\/post"}],"author":[{"embeddable":true,"href":"https:\/\/legal.adv.br\/projeto676\/wp-json\/wp\/v2\/users\/1"}],"replies":[{"embeddable":true,"href":"https:\/\/legal.adv.br\/projeto676\/wp-json\/wp\/v2\/comments?post=446"}],"version-history":[{"count":0,"href":"https:\/\/legal.adv.br\/projeto676\/wp-json\/wp\/v2\/posts\/446\/revisions"}],"wp:attachment":[{"href":"https:\/\/legal.adv.br\/projeto676\/wp-json\/wp\/v2\/media?parent=446"}],"wp:term":[{"taxonomy":"category","embeddable":true,"href":"https:\/\/legal.adv.br\/projeto676\/wp-json\/wp\/v2\/categories?post=446"},{"taxonomy":"post_tag","embeddable":true,"href":"https:\/\/legal.adv.br\/projeto676\/wp-json\/wp\/v2\/tags?post=446"}],"curies":[{"name":"wp","href":"https:\/\/api.w.org\/{rel}","templated":true}]}}