{"id":528,"date":"2009-03-30T20:16:55","date_gmt":"2009-03-30T23:16:55","guid":{"rendered":"http:\/\/www.legal.adv.br\/opala\/?p=528"},"modified":"2009-03-30T20:16:55","modified_gmt":"2009-03-30T23:16:55","slug":"frase-de-segunda-10","status":"publish","type":"post","link":"https:\/\/legal.adv.br\/projeto676\/20090330\/frase-de-segunda-10\/","title":{"rendered":"Frase de segunda"},"content":{"rendered":"<p style=\"text-align: justify;\">Essa frase \u00e9 t\u00e3o absoluta, t\u00e3o \u00f3bvia, que dispensa maiores coment\u00e1rios. Opaleiro que \u00e9 opaleiro a compreende perfeitamente&#8230;<\/p>\n<p style=\"text-align: justify;\"><strong><em>Para n\u00f3s, um estilo de vida.<\/em><\/strong><\/p>\n","protected":false},"excerpt":{"rendered":"<p>Essa frase \u00e9 t\u00e3o absoluta, t\u00e3o \u00f3bvia, que dispensa maiores coment\u00e1rios. Opaleiro que \u00e9 opaleiro a compreende perfeitamente&#8230; Para n\u00f3s, um estilo de vida.<\/p>\n","protected":false},"author":1,"featured_media":0,"comment_status":"open","ping_status":"open","sticky":false,"template":"","format":"standard","meta":{"footnotes":""},"categories":[11],"tags":[],"class_list":["post-528","post","type-post","status-publish","format-standard","hentry","category-fraseologia"],"_links":{"self":[{"href":"https:\/\/legal.adv.br\/projeto676\/wp-json\/wp\/v2\/posts\/528","targetHints":{"allow":["GET"]}}],"collection":[{"href":"https:\/\/legal.adv.br\/projeto676\/wp-json\/wp\/v2\/posts"}],"about":[{"href":"https:\/\/legal.adv.br\/projeto676\/wp-json\/wp\/v2\/types\/post"}],"author":[{"embeddable":true,"href":"https:\/\/legal.adv.br\/projeto676\/wp-json\/wp\/v2\/users\/1"}],"replies":[{"embeddable":true,"href":"https:\/\/legal.adv.br\/projeto676\/wp-json\/wp\/v2\/comments?post=528"}],"version-history":[{"count":0,"href":"https:\/\/legal.adv.br\/projeto676\/wp-json\/wp\/v2\/posts\/528\/revisions"}],"wp:attachment":[{"href":"https:\/\/legal.adv.br\/projeto676\/wp-json\/wp\/v2\/media?parent=528"}],"wp:term":[{"taxonomy":"category","embeddable":true,"href":"https:\/\/legal.adv.br\/projeto676\/wp-json\/wp\/v2\/categories?post=528"},{"taxonomy":"post_tag","embeddable":true,"href":"https:\/\/legal.adv.br\/projeto676\/wp-json\/wp\/v2\/tags?post=528"}],"curies":[{"name":"wp","href":"https:\/\/api.w.org\/{rel}","templated":true}]}}