{"id":80,"date":"2007-11-02T13:41:34","date_gmt":"2007-11-02T16:41:34","guid":{"rendered":"http:\/\/www.legal.adv.br\/opala\/?p=148"},"modified":"2007-11-02T13:41:34","modified_gmt":"2007-11-02T16:41:34","slug":"dois-meses-depois","status":"publish","type":"post","link":"https:\/\/legal.adv.br\/projeto676\/20071102\/dois-meses-depois\/","title":{"rendered":"Dois meses depois\u2026"},"content":{"rendered":"<p style=\"text-align: justify;\">Exatos dois meses depois das \u00faltimas not\u00edcias reform\u00edsticas (como podem ver <a href=\"http:\/\/www.legal.adv.br\/projeto676\/20070902\/de-volta-ao-reduto\/\" target=\"_blank\" rel=\"noopener noreferrer\">aqui<\/a>), eis que &#8211; FINALMENTE &#8211; come\u00e7amos a retomar nossas atividades. Por todas as raz\u00f5es j\u00e1 explicadas n\u00e3o creio que venhamos a ter o mesmo &#8220;ritmo&#8221; de antes, mas, bem, vamos indo&#8230;<\/p>\n<p><img decoding=\"async\" class=\"aligncenter\" src=\"http:\/\/www.legal.adv.br\/projeto676\/img\/fotos\/20071102\/71102-01.jpg\" alt=\"\" align=\"middle\" \/><\/p>\n<p style=\"text-align: justify;\">J\u00e1 no reduto &#8211; tamb\u00e9m conhecido como &#8220;minha garagem&#8221; (a qual, diga-se de passagem, t\u00e1 precisando de uma boa pintura) &#8211; eis o carro todo montado, ap\u00f3s a travessia da cidade sem nenhum percal\u00e7o.<\/p>\n<p><img decoding=\"async\" class=\"aligncenter\" src=\"http:\/\/www.legal.adv.br\/projeto676\/img\/fotos\/20071102\/71102-02.jpg\" alt=\"\" align=\"middle\" \/><\/p>\n<p style=\"text-align: justify;\">Lembram-se que foi preciso &#8220;encolher&#8221; os p\u00e1ra-lamas? Por essa foto d\u00e1 pra ficar bem claro que o alinhamento est\u00e1 pra l\u00e1 de perfeito&#8230;<\/p>\n<p><img decoding=\"async\" class=\"aligncenter\" src=\"http:\/\/www.legal.adv.br\/projeto676\/img\/fotos\/20071102\/71102-03.jpg\" alt=\"\" align=\"middle\" \/><\/p>\n<p style=\"text-align: justify;\">Aqui o detalhe do p\u00e1ra-lama direito, com o m\u00ednimo de massa &#8211; s\u00f3 o suficiente para encobrir a solda que foi feita.<\/p>\n<p><img decoding=\"async\" class=\"aligncenter\" src=\"http:\/\/www.legal.adv.br\/projeto676\/img\/fotos\/20071102\/71102-04.jpg\" alt=\"\" align=\"middle\" \/><\/p>\n<p style=\"text-align: justify;\">Mesma medida adotada com o p\u00e1ra-lama esquerdo. Lembro (dolorosamente) que ainda ser\u00e1 necess\u00e1rio escovar e lixar a parte interna do bichinho, ali onde vai a parte do pisca-pisca.<\/p>\n<p><img decoding=\"async\" class=\"aligncenter\" src=\"http:\/\/www.legal.adv.br\/projeto676\/img\/fotos\/20071102\/71102-05.jpg\" alt=\"\" align=\"middle\" \/><\/p>\n<p style=\"text-align: justify;\">A lateral destru\u00edda pelos Klingons j\u00e1 n\u00e3o apresenta maiores percal\u00e7os&#8230;<\/p>\n<p><img decoding=\"async\" class=\"aligncenter\" src=\"http:\/\/www.legal.adv.br\/projeto676\/img\/fotos\/20071102\/71102-06.jpg\" alt=\"\" align=\"middle\" \/><\/p>\n<p style=\"text-align: justify;\">E uma olhada &#8220;de riba&#8221; (de cima), tamb\u00e9m ressaltando o alinhamento do porta-malas e o cuidado com toda a volta da parte onde vai o vidro traseiro.<\/p>\n<p style=\"text-align: justify;\">O curioso \u00e9 que a impress\u00e3o que fica \u00e9 que com o carro estando em casa seria mais f\u00e1cil e mais r\u00e1pido dar continuidade \u00e0 reforma. Ledo engano. Com os hor\u00e1rios malucos de trabalho que tenho nem sempre chego com disposi\u00e7\u00e3o o suficiente para &#8220;atacar&#8221; o danado. Enquanto estava na casa de meu pai, at\u00e9 por uma quest\u00e3o moral (tamb\u00e9m chamado de <em>vergonha na cara<\/em>) , era imprescind\u00edvel minha presen\u00e7a l\u00e1.<\/p>\n<p style=\"text-align: justify;\">J\u00e1 agora tenho que procurar dar o m\u00e1ximo de mim para n\u00e3o desandar a reforma&#8230;<\/p>\n","protected":false},"excerpt":{"rendered":"<p>Exatos dois meses depois das \u00faltimas not\u00edcias reform\u00edsticas (como podem ver aqui), eis que &#8211; FINALMENTE &#8211; come\u00e7amos a retomar nossas atividades. Por todas as raz\u00f5es j\u00e1 explicadas n\u00e3o creio que venhamos a ter o mesmo &#8220;ritmo&#8221; de antes, mas, bem, vamos indo&#8230; J\u00e1 no reduto &#8211; tamb\u00e9m conhecido como &#8220;minha garagem&#8221; (a qual, diga-se &hellip; <a href=\"https:\/\/legal.adv.br\/projeto676\/20071102\/dois-meses-depois\/\" class=\"more-link\">Continue lendo<span class=\"screen-reader-text\"> &#8220;Dois meses depois\u2026&#8221;<\/span><\/a><\/p>\n","protected":false},"author":1,"featured_media":0,"comment_status":"open","ping_status":"open","sticky":false,"template":"","format":"standard","meta":{"footnotes":""},"categories":[15],"tags":[],"class_list":["post-80","post","type-post","status-publish","format-standard","hentry","category-oprojeto"],"_links":{"self":[{"href":"https:\/\/legal.adv.br\/projeto676\/wp-json\/wp\/v2\/posts\/80","targetHints":{"allow":["GET"]}}],"collection":[{"href":"https:\/\/legal.adv.br\/projeto676\/wp-json\/wp\/v2\/posts"}],"about":[{"href":"https:\/\/legal.adv.br\/projeto676\/wp-json\/wp\/v2\/types\/post"}],"author":[{"embeddable":true,"href":"https:\/\/legal.adv.br\/projeto676\/wp-json\/wp\/v2\/users\/1"}],"replies":[{"embeddable":true,"href":"https:\/\/legal.adv.br\/projeto676\/wp-json\/wp\/v2\/comments?post=80"}],"version-history":[{"count":0,"href":"https:\/\/legal.adv.br\/projeto676\/wp-json\/wp\/v2\/posts\/80\/revisions"}],"wp:attachment":[{"href":"https:\/\/legal.adv.br\/projeto676\/wp-json\/wp\/v2\/media?parent=80"}],"wp:term":[{"taxonomy":"category","embeddable":true,"href":"https:\/\/legal.adv.br\/projeto676\/wp-json\/wp\/v2\/categories?post=80"},{"taxonomy":"post_tag","embeddable":true,"href":"https:\/\/legal.adv.br\/projeto676\/wp-json\/wp\/v2\/tags?post=80"}],"curies":[{"name":"wp","href":"https:\/\/api.w.org\/{rel}","templated":true}]}}