{"id":81,"date":"2007-11-06T14:03:18","date_gmt":"2007-11-06T17:03:18","guid":{"rendered":"http:\/\/www.legal.adv.br\/opala\/?p=151"},"modified":"2007-11-06T14:03:18","modified_gmt":"2007-11-06T17:03:18","slug":"trabalho-em-familia-sempre","status":"publish","type":"post","link":"https:\/\/legal.adv.br\/projeto676\/20071106\/trabalho-em-familia-sempre\/","title":{"rendered":"Trabalho em fam\u00edlia (sempre)"},"content":{"rendered":"<p style=\"text-align: justify;\">Pois bem, como j\u00e1 cansei de dizer, em casa certamente o ritmo seria outro. Juro que estou tentando me programar melhor para que consiga superar as &#8220;adversidades&#8221; e n\u00e3o deixar que o Opal\u00e3o vire um mero ferro-velho na garagem.<\/p>\n<p style=\"text-align: justify;\"><strong>Dica important\u00edssima:<\/strong> n\u00e3o deixar de, pelo menos uma vez por semana, ligar o motor do carro. O \u00f3leo deve circular, as pe\u00e7as precisam se manter em movimento. \u00c9 <em>l\u00f3gico<\/em> que essa dica s\u00f3 vale se voc\u00ea estiver com o motor do carro instalado&#8230;<\/p>\n<p style=\"text-align: justify;\">S\u00f3 lamento que nessa sequ\u00eancia eu literalmente esqueci de tirar fotos dos filhotes. \u00c9 que quando comecei a mexer com o carro, logo pela manh\u00e3, o filhote mais velho quis vir ajudar. Coloquei-o para lixar uma parte do carro. Nesse meio tempo a Dona Patroa saiu para algumas comprinhas b\u00e1sicas. E eis que o filhote do meio tamb\u00e9m quis vir ajudar. Coloquei-o para lixar uma outra parte do carro. E sozinho l\u00e1 em cima o ca\u00e7ula n\u00e3o iria ficar. E quis vir ajudar. E coloquei-o para lixar ainda uma outra parte do carro&#8230;<\/p>\n<p style=\"text-align: justify;\">Heh&#8230; Ainda vou ser acusado por explora\u00e7\u00e3o de trabalho infantil&#8230;<\/p>\n<p style=\"text-align: justify;\">Mas nada NO MUNDO poderia pagar a carinha de felicidade deles porque podiam estar ali <em>&#8220;ajudando o papai&#8221;<\/em>.<\/p>\n<p style=\"text-align: justify;\">E, tamb\u00e9m, nada NO MUNDO poderia retratar a cara de <em>incredulidade<\/em> da Dona Patroa quando voltou das compras e encontrou toda a <em>tropinha de elite<\/em> encardida at\u00e9 o \u00faltimo fio de cabelo&#8230;<\/p>\n<p style=\"text-align: justify;\">S\u00f3 n\u00e3o levei bronca porque, independentemente de qualquer coisa (e da sujeira reinante), foi uma atividade bastante salutar.<\/p>\n<p style=\"text-align: justify;\">Mas, desse verdadeiro trabalho em fam\u00edlia restou o seguinte resultado:<\/p>\n<p><img decoding=\"async\" class=\"aligncenter\" src=\"http:\/\/www.legal.adv.br\/projeto676\/img\/fotos\/20071106\/71106-01.jpg\" alt=\"\" align=\"middle\" \/><\/p>\n<p style=\"text-align: justify;\">A lateral esquerda, sob o para-lamas foi conclu\u00edda. S\u00f3 ficou de fora o miolinho ali onde vai a roda, pois, al\u00e9m do dif\u00edcil acesso, n\u00e3o h\u00e1 necessidade espec\u00edfica, pois ali nada foi feito a t\u00edtulo de reconstitui\u00e7\u00e3o.<\/p>\n<p><img decoding=\"async\" class=\"aligncenter\" src=\"http:\/\/www.legal.adv.br\/projeto676\/img\/fotos\/20071106\/71106-02.jpg\" alt=\"\" align=\"middle\" \/><\/p>\n<p style=\"text-align: justify;\">T\u00e3o vendo? \u00c9 esse o &#8220;miolinho&#8221; ao qual eu me referia&#8230;<\/p>\n<p><img decoding=\"async\" class=\"aligncenter\" src=\"http:\/\/www.legal.adv.br\/projeto676\/img\/fotos\/20071106\/71106-03.jpg\" alt=\"\" align=\"middle\" \/><\/p>\n<p style=\"text-align: justify;\">Me concentrei em toda a parte interna, que foi completamente preparada, raspada, lixada, etc.<\/p>\n<p><img decoding=\"async\" class=\"aligncenter\" src=\"http:\/\/www.legal.adv.br\/projeto676\/img\/fotos\/20071106\/71106-04.jpg\" alt=\"\" align=\"middle\" \/><\/p>\n<p style=\"text-align: justify;\">E eis o &#8220;avesso&#8221; do farol, tamb\u00e9m j\u00e1 com todo o fundo necess\u00e1rio&#8230;<\/p>\n","protected":false},"excerpt":{"rendered":"<p>Pois bem, como j\u00e1 cansei de dizer, em casa certamente o ritmo seria outro. Juro que estou tentando me programar melhor para que consiga superar as &#8220;adversidades&#8221; e n\u00e3o deixar que o Opal\u00e3o vire um mero ferro-velho na garagem. Dica important\u00edssima: n\u00e3o deixar de, pelo menos uma vez por semana, ligar o motor do carro. &hellip; <a href=\"https:\/\/legal.adv.br\/projeto676\/20071106\/trabalho-em-familia-sempre\/\" class=\"more-link\">Continue lendo<span class=\"screen-reader-text\"> &#8220;Trabalho em fam\u00edlia (sempre)&#8221;<\/span><\/a><\/p>\n","protected":false},"author":1,"featured_media":0,"comment_status":"open","ping_status":"open","sticky":false,"template":"","format":"standard","meta":{"footnotes":""},"categories":[15],"tags":[],"class_list":["post-81","post","type-post","status-publish","format-standard","hentry","category-oprojeto"],"_links":{"self":[{"href":"https:\/\/legal.adv.br\/projeto676\/wp-json\/wp\/v2\/posts\/81","targetHints":{"allow":["GET"]}}],"collection":[{"href":"https:\/\/legal.adv.br\/projeto676\/wp-json\/wp\/v2\/posts"}],"about":[{"href":"https:\/\/legal.adv.br\/projeto676\/wp-json\/wp\/v2\/types\/post"}],"author":[{"embeddable":true,"href":"https:\/\/legal.adv.br\/projeto676\/wp-json\/wp\/v2\/users\/1"}],"replies":[{"embeddable":true,"href":"https:\/\/legal.adv.br\/projeto676\/wp-json\/wp\/v2\/comments?post=81"}],"version-history":[{"count":0,"href":"https:\/\/legal.adv.br\/projeto676\/wp-json\/wp\/v2\/posts\/81\/revisions"}],"wp:attachment":[{"href":"https:\/\/legal.adv.br\/projeto676\/wp-json\/wp\/v2\/media?parent=81"}],"wp:term":[{"taxonomy":"category","embeddable":true,"href":"https:\/\/legal.adv.br\/projeto676\/wp-json\/wp\/v2\/categories?post=81"},{"taxonomy":"post_tag","embeddable":true,"href":"https:\/\/legal.adv.br\/projeto676\/wp-json\/wp\/v2\/tags?post=81"}],"curies":[{"name":"wp","href":"https:\/\/api.w.org\/{rel}","templated":true}]}}