{"id":84,"date":"2007-12-19T22:45:53","date_gmt":"2007-12-20T01:45:53","guid":{"rendered":"http:\/\/www.legal.adv.br\/opala\/?p=157"},"modified":"2007-12-19T22:45:53","modified_gmt":"2007-12-20T01:45:53","slug":"menos-um-opaleiro","status":"publish","type":"post","link":"https:\/\/legal.adv.br\/projeto676\/20071219\/menos-um-opaleiro\/","title":{"rendered":"Menos um opaleiro\u2026"},"content":{"rendered":"<p style=\"text-align: justify;\">Luto.<\/p>\n<p style=\"text-align: justify;\">Hoje n\u00e3o temos piadas, nem gracejos e nem reformas.<\/p>\n<p style=\"text-align: justify;\">Faleceu o vice-prefeito de Jacare\u00ed, SP, o engenheiro Davi Lino. Tudo o que eu poderia dizer acerca desse fato j\u00e1 o fiz diretamente na minha p\u00e1gina principal do site &#8211; o <a href=\"http:\/\/www.legal.adv.br\" target=\"_blank\" rel=\"noopener noreferrer\">Legal<\/a> &#8211; como podem conferir bem <a href=\"http:\/\/www.legal.adv.br\/20071219\/basta-estar-vivo\/\" target=\"_blank\" rel=\"noopener noreferrer\">aqui<\/a>.<\/p>\n<p style=\"text-align: justify;\">Mas, neste espa\u00e7o, entendo que \u00e9 cab\u00edvel, sen\u00e3o necess\u00e1rio, falar de uma outra faceta desse caboclo: o de apaixonado por Opalas.<\/p>\n<p style=\"text-align: justify;\">N\u00e3o que ele tivesse um (pelo menos atualmente), mas era um admirador desse tipo de carro.<\/p>\n<p style=\"text-align: justify;\">Como sei?<\/p>\n<p style=\"text-align: justify;\">Atrav\u00e9s de um epis\u00f3dio acontecido l\u00e1 no estacionamento da Prefeitura, j\u00e1 h\u00e1 muitos meses.<\/p>\n<p style=\"text-align: justify;\">N\u00e3o fazia muito tempo que eu havia comprado o meu Opala, mas j\u00e1 tinha come\u00e7ado a &#8220;depen\u00e1-lo&#8221;. Na verdade ele estava somente com o banco do motorista e mais nada. Todo o resto eu j\u00e1 havia tirado: outros bancos, carpete, tapetes, pain\u00e9is, laterais, etc. S\u00f3 deixei os tapetes de borracha para encobrir os buracos. No mais, o assoalho encontrava-se na pura lata. Pelo menos nas partes onde n\u00e3o haviam furos&#8230;<\/p>\n<p style=\"text-align: justify;\">Eu estava usando o carro em fun\u00e7\u00e3o das chuvas (meu outro ve\u00edculo \u00e9 uma moto) e essa <em>desventura<\/em> pode ser lida com calma bem <a href=\"http:\/\/www.legal.adv.br\/20070319\/e-choooove-nesta-terra-de-deus\/\" target=\"_blank\" rel=\"noopener noreferrer\">aqui<\/a>.<\/p>\n<p style=\"text-align: justify;\">Mas voltemos \u00e0 hist\u00f3ria. J\u00e1 era tarde &#8211; umas nove horas &#8211; e este velho guerreiro, cansado, abatido, depois de um cansativo dia de trabalho, estava saindo com seu carro do estacionamento da Prefeitura. Em frente \u00e0 garagem privativa do Prefeito, l\u00e1 estava o Davi, conversando com j\u00e1 n\u00e3o me lembro mais quem. Liguei o carro, manobrei, e estava me dirigindo \u00e0 sa\u00edda, quando o Davi veio caminhando devagar para meu lado fazendo sinal para diminuir a velocidade, para ir parando.<\/p>\n<p style=\"text-align: justify;\"><em>&#8220;Cacete!&#8221;<\/em> &#8211; pensei eu. <em>&#8220;J\u00e1 discuti com ele o dia inteiro, o que ser\u00e1 que vem agora? Sobre qual licita\u00e7\u00e3o ou contrato ele ainda vai querer discutir aqui na sa\u00edda? Ser\u00e1 que esse cara n\u00e3o p\u00e1ra NUNCA de trabalhar?&#8221;<\/em><\/p>\n<p style=\"text-align: justify;\">&#8211; Fala, Davi!<\/p>\n<p style=\"text-align: justify;\">&#8211; Bich\u00e3o, hein?<\/p>\n<p style=\"text-align: justify;\"><em>&#8211; Cum\u00e9qui\u00e9?<\/em><\/p>\n<p style=\"text-align: justify;\">&#8211; O Opal\u00e3o. Quatro ou seis canecos?<\/p>\n<p style=\"text-align: justify;\">&#8211; Quatro&#8230;<\/p>\n<p style=\"text-align: justify;\">&#8211; Maquin\u00e3o. Sempre gostei muito desse carro.<\/p>\n<p style=\"text-align: justify;\">&#8211; \u00c9, mas esse ainda t\u00e1 bem baleado &#8211; e levantei um dos tapetes de borracha para que ele visse os furos do assoalho.<\/p>\n<p style=\"text-align: justify;\">&#8211; Que nada! Isso a\u00ed \u00e9 s\u00f3 pra circular o ar! O que interessa \u00e9 que o carro t\u00e1 bem, t\u00e1 andando!<\/p>\n<p style=\"text-align: justify;\">Despedimo-nos e fui embora com uma interroga\u00e7\u00e3o na cabe\u00e7a do tamanho de uma semana. Era t\u00e3o dif\u00edcil quanto raro ver aquele sujeito sendo simp\u00e1tico com algu\u00e9m. Isso deixou uma boa impress\u00e3o em mim. <em>&#8220;Ele n\u00e3o pode ser t\u00e3o ruim assim&#8221;<\/em>, pensei eu.<\/p>\n<p style=\"text-align: justify;\">Com o passar dos meses vim a conhec\u00ea-lo melhor e at\u00e9 mesmo admirar sua energia, sua postura, sua constante preocupa\u00e7\u00e3o com o bem-estar do Munic\u00edpio. Preocupa\u00e7\u00e3o esta t\u00e3o grande, t\u00e3o intensa, que lhe custou a pr\u00f3pria vida.<\/p>\n<p style=\"text-align: justify;\">O mundo dos Opalas perde um de seus admiradores.<\/p>\n<p style=\"text-align: justify;\">Adeus Davi.<\/p>\n","protected":false},"excerpt":{"rendered":"<p>Luto. Hoje n\u00e3o temos piadas, nem gracejos e nem reformas. Faleceu o vice-prefeito de Jacare\u00ed, SP, o engenheiro Davi Lino. Tudo o que eu poderia dizer acerca desse fato j\u00e1 o fiz diretamente na minha p\u00e1gina principal do site &#8211; o Legal &#8211; como podem conferir bem aqui. Mas, neste espa\u00e7o, entendo que \u00e9 cab\u00edvel, &hellip; <a href=\"https:\/\/legal.adv.br\/projeto676\/20071219\/menos-um-opaleiro\/\" class=\"more-link\">Continue lendo<span class=\"screen-reader-text\"> &#8220;Menos um opaleiro\u2026&#8221;<\/span><\/a><\/p>\n","protected":false},"author":1,"featured_media":0,"comment_status":"open","ping_status":"open","sticky":false,"template":"","format":"standard","meta":{"footnotes":""},"categories":[15],"tags":[],"class_list":["post-84","post","type-post","status-publish","format-standard","hentry","category-oprojeto"],"_links":{"self":[{"href":"https:\/\/legal.adv.br\/projeto676\/wp-json\/wp\/v2\/posts\/84","targetHints":{"allow":["GET"]}}],"collection":[{"href":"https:\/\/legal.adv.br\/projeto676\/wp-json\/wp\/v2\/posts"}],"about":[{"href":"https:\/\/legal.adv.br\/projeto676\/wp-json\/wp\/v2\/types\/post"}],"author":[{"embeddable":true,"href":"https:\/\/legal.adv.br\/projeto676\/wp-json\/wp\/v2\/users\/1"}],"replies":[{"embeddable":true,"href":"https:\/\/legal.adv.br\/projeto676\/wp-json\/wp\/v2\/comments?post=84"}],"version-history":[{"count":0,"href":"https:\/\/legal.adv.br\/projeto676\/wp-json\/wp\/v2\/posts\/84\/revisions"}],"wp:attachment":[{"href":"https:\/\/legal.adv.br\/projeto676\/wp-json\/wp\/v2\/media?parent=84"}],"wp:term":[{"taxonomy":"category","embeddable":true,"href":"https:\/\/legal.adv.br\/projeto676\/wp-json\/wp\/v2\/categories?post=84"},{"taxonomy":"post_tag","embeddable":true,"href":"https:\/\/legal.adv.br\/projeto676\/wp-json\/wp\/v2\/tags?post=84"}],"curies":[{"name":"wp","href":"https:\/\/api.w.org\/{rel}","templated":true}]}}